{"id":386,"date":"2021-05-03T15:39:35","date_gmt":"2021-05-03T15:39:35","guid":{"rendered":"https:\/\/www.arques.org\/?p=386"},"modified":"2025-03-11T09:54:58","modified_gmt":"2025-03-11T09:54:58","slug":"comunidad-valenciana","status":"publish","type":"post","link":"https:\/\/www.arques.org\/index.php\/03\/comunidad-valenciana\/https:\/www.facebook.comLaRatoneraCatadoresDeQueso\/2021\/","title":{"rendered":"comunidad valenciana"},"content":{"rendered":"\r\n<p>&nbsp;<\/p>\r\n\r\n\r\n\r\n<figure class=\"wp-block-image size-large is-resized\"><img loading=\"lazy\" decoding=\"async\" class=\"wp-image-387\" src=\"https:\/\/www.arques.org\/wp-content\/uploads\/2021\/05\/480px-Paraje_Natural_del_Prat_de_Cabanes-Torreblanca.jpg-VELENCIA.jpg\" alt=\"\" width=\"611\" height=\"458\" srcset=\"https:\/\/www.arques.org\/wp-content\/uploads\/2021\/05\/480px-Paraje_Natural_del_Prat_de_Cabanes-Torreblanca.jpg-VELENCIA.jpg 480w, https:\/\/www.arques.org\/wp-content\/uploads\/2021\/05\/480px-Paraje_Natural_del_Prat_de_Cabanes-Torreblanca.jpg-VELENCIA-300x225.jpg 300w\" sizes=\"auto, (max-width: 611px) 100vw, 611px\" \/>\r\n<figcaption>Paraje Natural del Prat.<\/figcaption>\r\n<\/figure>\r\n\r\n\r\n\r\n<p>La\u00a0<strong>Comunidad Valenciana<\/strong>\u00a0(en\u00a0valenciano\u00a0y oficialmente,\u00a0<em>Comunitat Valenciana<\/em>) es una\u00a0comunidad aut\u00f3noma\u00a0espa\u00f1ola\u00a0situada en el este de la\u00a0Pen\u00ednsula ib\u00e9rica. Se constituy\u00f3 formalmente en el a\u00f1o 1982, al aprobarse su\u00a0Estatuto de Autonom\u00eda, y desde el a\u00f1o 2006 es considerada\u00a0nacionalidad hist\u00f3rica,\u200b al amparo de lo dispuesto en el art\u00edculo segundo de la\u00a0Constituci\u00f3n.\u200b<\/p>\r\n\r\n\r\n\r\n<p>Su territorio, con capital en\u00a0Valencia, est\u00e1 situado en el este y sureste de la\u00a0pen\u00ednsula ib\u00e9rica, contando con una superficie de 23\u00a0255\u00a0km\u00b2 y siendo la octava autonom\u00eda m\u00e1s extensa de Espa\u00f1a. Est\u00e1 formada por las provincias de\u00a0Alicante,\u00a0Castell\u00f3n\u00a0y\u00a0Valencia, y limita al norte con\u00a0Catalu\u00f1a\u00a0y\u00a0Arag\u00f3n, al oeste con\u00a0Castilla-La Mancha\u00a0y\u00a0Arag\u00f3n, y al sur con la\u00a0Regi\u00f3n de Murcia. Tambi\u00e9n forma parte del territorio valenciano el archipi\u00e9lago de las\u00a0islas Columbretes,\u00a0Tabarca\u00a0y otras islas menores e islotes cercanos a la costa, adem\u00e1s del\u00a0Rinc\u00f3n de Ademuz, un exclave separado totalmente del resto del territorio valenciano por el municipio castellano-manchego de\u00a0Santa Cruz de Moya\u00a0al sur y el municipio turolense\u00a0Arcos de las Salinas\u00a0al norte.<\/p>\r\n\r\n\r\n\r\n<p>En 2019, en el territorio de la Comunidad Valenciana habitaban 5\u00a0003\u00a0769 personas<a href=\"https:\/\/es.wikipedia.org\/wiki\/Comunidad_Valenciana#cite_note-7\"><sup>6<\/sup><\/a>\u200b en un total de 542 municipios. La mayor concentraci\u00f3n de poblaci\u00f3n se da en torno a la ciudad de Valencia, cuya\u00a0\u00e1rea metropolitana\u00a0llega a 1\u00a0559\u00a0084 habitantes (2014),<a href=\"https:\/\/es.wikipedia.org\/wiki\/Comunidad_Valenciana#cite_note-4padron-8\"><sup>7<\/sup><\/a>\u200b de los cuales 786\u00a0424 est\u00e1n empadronados en la ciudad. La segunda mayor concentraci\u00f3n de poblaci\u00f3n de la comunidad es el\u00a0\u00e1rea metropolitana de Alicante-Elche, que cuenta con 757\u00a0085 habitantes (2014).<\/p>\r\n\r\n\r\n\r\n<p>La Comunidad Valenciana constituye un territorio altamente industrializado, con un potente sector tur\u00edstico y con un elevado peso del sector agr\u00edcola, motivo por el cual su econom\u00eda es la cuarta m\u00e1s importante de entre las comunidades aut\u00f3nomas espa\u00f1olas, al generar el 9,6\u00a0% del\u00a0PIB\u00a0nacional.<\/p>\r\n\r\n\r\n\r\n<p>La Comunidad Valenciana es una\u00a0comunidad aut\u00f3noma\u00a0de\u00a0Espa\u00f1a\u00a0situada en el este y sureste de la\u00a0pen\u00ednsula ib\u00e9rica, en el litoral del\u00a0mar Mediterr\u00e1neo. Con 23\u00a0255\u00a0km\u00b2, es la octava regi\u00f3n de Espa\u00f1a por superficie y representa el 4,60\u00a0% de la extensi\u00f3n nacional. La Comunidad Valenciana, estrecha y alargada, se extiende entre el\u00a0r\u00edo Cenia\u00a0(en\u00a0Vinaroz) y\u00a0Pilar de la Horadada, un poco m\u00e1s al sur del\u00a0r\u00edo Segura, con una longitud de costa de 518\u00a0km. El territorio valenciano tambi\u00e9n incluye el archipi\u00e9lago mediterr\u00e1neo de las\u00a0islas Columbretes, as\u00ed como la\u00a0isla de Tabarca, junto a otros islotes y pe\u00f1ones cercanos al litoral valenciano. Su posici\u00f3n geogr\u00e1fica es 40\u00b0\u00a047&#8242;\u00a0N en el extremo norte, 37\u00b0\u00a051&#8242;\u00a0N en el extremo sur, 0\u00b0\u00a031&#8242;\u00a0E en el extremo oriental y 1\u00b0\u00a032&#8242;\u00a0O en el extremo occidental.<\/p>\r\n\r\n\r\n\r\n<p>Las monta\u00f1as ocupan la mayor parte de la Comunidad Valenciana y dejan solamente una estrecha franja litoral para las llanuras que, adem\u00e1s, solo se ensanchan en el extremo norte (llanura de Vinaroz), en la\u00a0Plana de Castell\u00f3n, en la\u00a0Huerta de Valencia\u00a0y en el extremo sur (Vega Baja del Segura). En el resto de la costa, las monta\u00f1as se encuentran a corta distancia de la l\u00ednea litoral.<\/p>\r\n\r\n\r\n\r\n<p>De este modo, el relieve est\u00e1 configurado por las monta\u00f1as del norte, que pertenecen al\u00a0Sistema Ib\u00e9rico, las sierras meridionales del\u00a0Sistema B\u00e9tico\u00a0y las sierras, mesetas y llanuras centrales. Adem\u00e1s de estos enclaves, la Comunidad Valenciana cuenta con varias islas e islotes, entre los cabe destacar la\u00a0Isla de Tabarca\u00a0(provincia de Alicante) y las\u00a0Islas Columbretes\u00a0(provincia de Castell\u00f3n), que son estas \u00faltimas un conjunto de cuatro grupos de\u00a0islas volc\u00e1nicas.<\/p>\r\n\r\n\r\n\r\n<p>En el\u00a0Maestrazgo\u00a0se encuentra la monta\u00f1a m\u00e1s emblem\u00e1tica de la comunidad, el\u00a0Pe\u00f1agolosa, de 1813\u00a0m s. n. m.\u00a0(metros sobre el nivel del mar), considerada popularmente como la m\u00e1s elevada, pero este honor en realidad le corresponde al\u00a0Cerro Calder\u00f3n, en el\u00a0Rinc\u00f3n de Ademuz, que asciende hasta los 1839\u00a0m s. n. m.; tambi\u00e9n en este exclave valenciano encontramos el\u00a0Gavil\u00e1n\u00a0(1747\u00a0m s. n. m.),\u00a0La Cruz de los Tres Reinos\u00a0(1555 \u00a0m s. n. m.) y la\u00a0Tortajada\u00a0(1541\u00a0m s. n. m.). Otro pico de m\u00e1s de 1500\u00a0m s. n. m.\u00a0lo encontramos en tierras del\u00a0Condado de Cocentaina\u00a0la\u00a0Marina Baja\u00a0y la\u00a0Hoya de Alcoy\u00a0(norte de Alicante): el\u00a0Aitana\u00a0(1558\u00a0m s. n. m.).<\/p>\r\n\r\n\r\n\r\n<figure class=\"wp-block-image size-large\"><img loading=\"lazy\" decoding=\"async\" width=\"1024\" height=\"698\" class=\"wp-image-388\" src=\"https:\/\/www.arques.org\/wp-content\/uploads\/2021\/05\/cabra-celtiberica-1024x698.jpg\" alt=\"\" srcset=\"https:\/\/www.arques.org\/wp-content\/uploads\/2021\/05\/cabra-celtiberica-1024x698.jpg 1024w, https:\/\/www.arques.org\/wp-content\/uploads\/2021\/05\/cabra-celtiberica-300x205.jpg 300w, https:\/\/www.arques.org\/wp-content\/uploads\/2021\/05\/cabra-celtiberica-768x524.jpg 768w, https:\/\/www.arques.org\/wp-content\/uploads\/2021\/05\/cabra-celtiberica.jpg 1100w\" sizes=\"auto, (max-width: 1024px) 100vw, 1024px\" \/>\r\n<figcaption>Cabra Celtib\u00e9rica<\/figcaption>\r\n<\/figure>\r\n\r\n\r\n\r\n<figure class=\"wp-block-image size-large is-resized\"><img loading=\"lazy\" decoding=\"async\" class=\"wp-image-389\" src=\"https:\/\/www.arques.org\/wp-content\/uploads\/2021\/05\/Raza-Ovina-Guirra.jpg\" alt=\"\" width=\"607\" height=\"402\" \/>\r\n<figcaption>Oveja Guirra<\/figcaption>\r\n<\/figure>\r\n\r\n\r\n\r\n<figure class=\"wp-block-image size-large\"><img loading=\"lazy\" decoding=\"async\" width=\"1024\" height=\"277\" class=\"wp-image-390\" src=\"https:\/\/www.arques.org\/wp-content\/uploads\/2021\/05\/QUESO-BLANQUET-1024x277.jpg\" alt=\"\" srcset=\"https:\/\/www.arques.org\/wp-content\/uploads\/2021\/05\/QUESO-BLANQUET-1024x277.jpg 1024w, https:\/\/www.arques.org\/wp-content\/uploads\/2021\/05\/QUESO-BLANQUET-300x81.jpg 300w, https:\/\/www.arques.org\/wp-content\/uploads\/2021\/05\/QUESO-BLANQUET-768x208.jpg 768w, https:\/\/www.arques.org\/wp-content\/uploads\/2021\/05\/QUESO-BLANQUET-1536x416.jpg 1536w, https:\/\/www.arques.org\/wp-content\/uploads\/2021\/05\/QUESO-BLANQUET-1568x424.jpg 1568w, https:\/\/www.arques.org\/wp-content\/uploads\/2021\/05\/QUESO-BLANQUET.jpg 1700w\" sizes=\"auto, (max-width: 1024px) 100vw, 1024px\" \/>\r\n<figcaption>Queso Blanquet<\/figcaption>\r\n<\/figure>\r\n\r\n\r\n\r\n<figure class=\"wp-block-image size-large\"><img loading=\"lazy\" decoding=\"async\" width=\"745\" height=\"485\" class=\"wp-image-391\" src=\"https:\/\/www.arques.org\/wp-content\/uploads\/2021\/05\/QUESO-FRECO-SERVILLETA.jpg\" alt=\"\" srcset=\"https:\/\/www.arques.org\/wp-content\/uploads\/2021\/05\/QUESO-FRECO-SERVILLETA.jpg 745w, https:\/\/www.arques.org\/wp-content\/uploads\/2021\/05\/QUESO-FRECO-SERVILLETA-300x195.jpg 300w\" sizes=\"auto, (max-width: 745px) 100vw, 745px\" \/>\r\n<figcaption>Queso Fresco Servilleta<\/figcaption>\r\n<\/figure>\r\n\r\n\r\n\r\n<figure class=\"wp-block-image size-large\"><img loading=\"lazy\" decoding=\"async\" width=\"682\" height=\"1024\" class=\"wp-image-392\" src=\"https:\/\/www.arques.org\/wp-content\/uploads\/2021\/05\/QUESERIA-LOS-CORRALES-1-682x1024.jpg\" alt=\"\" srcset=\"https:\/\/www.arques.org\/wp-content\/uploads\/2021\/05\/QUESERIA-LOS-CORRALES-1-682x1024.jpg 682w, https:\/\/www.arques.org\/wp-content\/uploads\/2021\/05\/QUESERIA-LOS-CORRALES-1-200x300.jpg 200w, https:\/\/www.arques.org\/wp-content\/uploads\/2021\/05\/QUESERIA-LOS-CORRALES-1.jpg 745w\" sizes=\"auto, (max-width: 682px) 100vw, 682px\" \/>\r\n<figcaption>Tronch\u00f3n de los Corrales.<\/figcaption>\r\n<\/figure>\r\n\r\n\r\n\r\n<p>FABRICANTES QUESO ARTESANO:<\/p>\r\n\r\n\r\n\r\n<p>Queser\u00eda Los Corrales <a href=\"http:\/\/www.loscorrales.eu\">http:\/\/www.loscorrales.eu<\/a><\/p>\r\n\r\n\r\n\r\n<p>Cooperativa Val de Cati <a href=\"http:\/\/quesosdecati.com\">http:\/\/quesosdecati.com<\/a><\/p>\r\n\r\n\r\n\r\n<p>Quesos del Ni\u00f1o <a href=\"http:\/\/quesosdelni\u00f1o.com\" data-type=\"URL\" data-id=\"quesosdelni\u00f1o.com\">quesosdelni\u00f1o.com<\/a><\/p>\r\n\r\n\r\n\r\n<p>Quesos Pastor de Morella <a href=\"http:\/\/pastordemorella.com\" data-type=\"URL\" data-id=\"pastordemorella.com\">http:\/\/quesopastordemorellla.com<\/a><\/p>\r\n\r\n\r\n\r\n<p>&nbsp;<\/p>\r\n\r\n\r\n\r\n<p>&nbsp;<\/p>\r\n","protected":false},"excerpt":{"rendered":"<p>&nbsp; La\u00a0Comunidad Valenciana\u00a0(en\u00a0valenciano\u00a0y oficialmente,\u00a0Comunitat Valenciana) es una\u00a0comunidad aut\u00f3noma\u00a0espa\u00f1ola\u00a0situada en el este de la\u00a0Pen\u00ednsula ib\u00e9rica. Se constituy\u00f3 formalmente en el a\u00f1o 1982, al aprobarse su\u00a0Estatuto de Autonom\u00eda, y desde el a\u00f1o 2006 es considerada\u00a0nacionalidad hist\u00f3rica,\u200b al amparo de lo dispuesto en el art\u00edculo segundo de la\u00a0Constituci\u00f3n.\u200b Su territorio, con capital en\u00a0Valencia, est\u00e1 situado en el este&hellip; <a class=\"more-link\" href=\"https:\/\/www.arques.org\/index.php\/03\/comunidad-valenciana\/https:\/www.facebook.comLaRatoneraCatadoresDeQueso\/2021\/\">Seguir leyendo <span class=\"screen-reader-text\">comunidad valenciana<\/span><\/a><\/p>\n","protected":false},"author":2,"featured_media":0,"comment_status":"open","ping_status":"open","sticky":false,"template":"","format":"standard","meta":{"footnotes":""},"categories":[1],"tags":[],"class_list":["post-386","post","type-post","status-publish","format-standard","hentry","category-sin-categoria","entry"],"_links":{"self":[{"href":"https:\/\/www.arques.org\/index.php\/wp-json\/wp\/v2\/posts\/386","targetHints":{"allow":["GET"]}}],"collection":[{"href":"https:\/\/www.arques.org\/index.php\/wp-json\/wp\/v2\/posts"}],"about":[{"href":"https:\/\/www.arques.org\/index.php\/wp-json\/wp\/v2\/types\/post"}],"author":[{"embeddable":true,"href":"https:\/\/www.arques.org\/index.php\/wp-json\/wp\/v2\/users\/2"}],"replies":[{"embeddable":true,"href":"https:\/\/www.arques.org\/index.php\/wp-json\/wp\/v2\/comments?post=386"}],"version-history":[{"count":4,"href":"https:\/\/www.arques.org\/index.php\/wp-json\/wp\/v2\/posts\/386\/revisions"}],"predecessor-version":[{"id":418,"href":"https:\/\/www.arques.org\/index.php\/wp-json\/wp\/v2\/posts\/386\/revisions\/418"}],"wp:attachment":[{"href":"https:\/\/www.arques.org\/index.php\/wp-json\/wp\/v2\/media?parent=386"}],"wp:term":[{"taxonomy":"category","embeddable":true,"href":"https:\/\/www.arques.org\/index.php\/wp-json\/wp\/v2\/categories?post=386"},{"taxonomy":"post_tag","embeddable":true,"href":"https:\/\/www.arques.org\/index.php\/wp-json\/wp\/v2\/tags?post=386"}],"curies":[{"name":"wp","href":"https:\/\/api.w.org\/{rel}","templated":true}]}}