{"id":376,"date":"2021-04-28T19:30:20","date_gmt":"2021-04-28T19:30:20","guid":{"rendered":"https:\/\/www.arques.org\/?p=376"},"modified":"2021-05-03T15:42:57","modified_gmt":"2021-05-03T15:42:57","slug":"vascongadas","status":"publish","type":"post","link":"https:\/\/www.arques.org\/index.php\/28\/vascongadas\/https:\/www.facebook.comLaRatoneraCatadoresDeQueso\/2021\/","title":{"rendered":"pa\u00eds vasco"},"content":{"rendered":"\n<figure class=\"wp-block-image size-large is-resized\"><img loading=\"lazy\" decoding=\"async\" src=\"https:\/\/www.arques.org\/wp-content\/uploads\/2021\/04\/El-Alburi.jpg\" alt=\"\" class=\"wp-image-377\" width=\"606\" height=\"455\"\/><figcaption>El Alburi.<\/figcaption><\/figure>\n\n\n\n<p>El&nbsp;<strong>Pa\u00eds Vasco<\/strong>&nbsp;o&nbsp;<strong>Euskadi<\/strong> (en&nbsp;euskera,&nbsp;<em>Euskal Herria<\/em>&nbsp;o&nbsp;<em>Euskadi<\/em>) es una&nbsp;comunidad aut\u00f3noma&nbsp;espa\u00f1ola, considerada&nbsp;nacionalidad hist\u00f3rica. situada en el extremo oriental de la costa del&nbsp;mar Cant\u00e1brico, lim\u00edtrofe con&nbsp;Francia. La ciudad m\u00e1s poblada del Pa\u00eds Vasco es&nbsp;Bilbao, seguida por&nbsp;Vitoria&nbsp;y&nbsp;San Sebasti\u00e1n, que conforma un&nbsp;\u00e1rea metropolitana&nbsp;de aproximadamente un mill\u00f3n de habitantes, donde residen cerca de la mitad de los 2,16 millones de habitantes de la comunidad.<\/p>\n\n\n\n<p><strong>La Armada de Vizcaya y los grandes navegantes<\/strong><\/p>\n\n\n\n<p>La&nbsp;Hermandad de las Villas de la Marina de Castilla con Vitoria&nbsp;fue una federaci\u00f3n de los principales puertos del&nbsp;Cant\u00e1brico&nbsp;creada el 4 de mayo de 1296 que forma un poder naval de primer orden al servicio de la&nbsp;Corona de Castilla, manteniendo autonom\u00eda en sus relaciones comerciales internacionales, y, en algunos casos, llegando a enfrentamientos b\u00e9licos con&nbsp;franceses&nbsp;e&nbsp;ingleses. La formaron inicialmente&nbsp;Santander,&nbsp;Laredo,&nbsp;CastroUrdiales,&nbsp;Bermeo,&nbsp;Guetaria,&nbsp;San Sebasti\u00e1n,&nbsp;Fuenterrab\u00eda&nbsp;y&nbsp;Vitoria.&nbsp;San Vicente de la Barquera&nbsp;se les une el a\u00f1o&nbsp;1297. La sede central se establece en Castro Urdiales<\/p>\n\n\n\n<p>En la batalla naval de La Rochelle, la flota castellana, formada por naves de la&nbsp;Hermandad de las Villas de la Marina de Castilla con Vitoria, obtiene una victoria contundente frente a la armada inglesa, pasando el control del&nbsp;canal de la Mancha&nbsp;a manos de Castilla.<\/p>\n\n\n\n<p>La orograf\u00eda del Pa\u00eds Vasco es principalmente monta\u00f1osa, est\u00e1 conformada por los&nbsp;Montes Vascos&nbsp;y la&nbsp;sierra de Cantabria&nbsp;en el sur, con&nbsp;Larrasa&nbsp;(1453&nbsp;metros) como m\u00e1xima altitud, las estribaciones del&nbsp;Pirineo&nbsp;llegan de&nbsp;Navarra. El punto m\u00e1s alto del Pa\u00eds Vasco es el monte&nbsp;Aitxuri, con una altitud de 1551&nbsp;metros, est\u00e1 situado en el&nbsp;parque natural de Aizkorri.<\/p>\n\n\n\n<p>En Euskadi se pueden distinguir a grandes rasgos cuatro zonas clim\u00e1ticas: la vertiente atl\u00e1ntica al norte, una zona de clima subatl\u00e1ntico (Valles Occidentales de \u00c1lava y la&nbsp;Llanada Alavesa, una zona de clima submediterr\u00e1neo y, el extremo sur, entrando en la depresi\u00f3n del Ebro y&nbsp;Rioja Alavesa, donde se pasa ya a un clima con verano claramente seco y caluroso de tipo continental.<\/p>\n\n\n\n<p>Esta regi\u00f3n particip\u00f3 en el Programa Mundial de Evaluaci\u00f3n de los Recursos H\u00eddricos (WWAP) de la&nbsp;Unesco, raz\u00f3n por la cual se han instalado m\u00e1s de 300 centros de informaci\u00f3n que han servido para elaborar un informe sobre la situaci\u00f3n actual de la regi\u00f3n.<\/p>\n\n\n\n<figure class=\"wp-block-image size-large is-resized\"><img loading=\"lazy\" decoding=\"async\" src=\"https:\/\/www.arques.org\/wp-content\/uploads\/2021\/04\/oveja-latxa.jpg\" alt=\"\" class=\"wp-image-378\" width=\"607\" height=\"413\"\/><figcaption>oveja Latxa<\/figcaption><\/figure>\n\n\n\n<figure class=\"wp-block-image size-large is-resized\"><img loading=\"lazy\" decoding=\"async\" src=\"https:\/\/www.arques.org\/wp-content\/uploads\/2021\/04\/Vaca-vasca-pirenaica.jpg\" alt=\"\" class=\"wp-image-379\" width=\"605\" height=\"495\"\/><figcaption>Vaca vasca Pirenaica.<\/figcaption><\/figure>\n\n\n\n<figure class=\"wp-block-image size-large is-resized\"><img loading=\"lazy\" decoding=\"async\" src=\"https:\/\/www.arques.org\/wp-content\/uploads\/2021\/04\/azpi-gorri-cabra.jpg\" alt=\"\" class=\"wp-image-380\" width=\"607\" height=\"455\"\/><figcaption>Cabra Azpi Gorri.<\/figcaption><\/figure>\n\n\n\n<figure class=\"wp-block-image size-large is-resized\"><img loading=\"lazy\" decoding=\"async\" src=\"https:\/\/www.arques.org\/wp-content\/uploads\/2021\/04\/idiazabal.jpg\" alt=\"\" class=\"wp-image-381\" width=\"605\" height=\"346\"\/><figcaption>Queso de oveja Latxa. D.O.P. Idiazabal ahumado. <\/figcaption><\/figure>\n","protected":false},"excerpt":{"rendered":"<p>El&nbsp;Pa\u00eds Vasco&nbsp;o&nbsp;Euskadi (en&nbsp;euskera,&nbsp;Euskal Herria&nbsp;o&nbsp;Euskadi) es una&nbsp;comunidad aut\u00f3noma&nbsp;espa\u00f1ola, considerada&nbsp;nacionalidad hist\u00f3rica. situada en el extremo oriental de la costa del&nbsp;mar Cant\u00e1brico, lim\u00edtrofe con&nbsp;Francia. La ciudad m\u00e1s poblada del Pa\u00eds Vasco es&nbsp;Bilbao, seguida por&nbsp;Vitoria&nbsp;y&nbsp;San Sebasti\u00e1n, que conforma un&nbsp;\u00e1rea metropolitana&nbsp;de aproximadamente un mill\u00f3n de habitantes, donde residen cerca de la mitad de los 2,16 millones de habitantes de la&hellip; <a class=\"more-link\" href=\"https:\/\/www.arques.org\/index.php\/28\/vascongadas\/https:\/www.facebook.comLaRatoneraCatadoresDeQueso\/2021\/\">Seguir leyendo <span class=\"screen-reader-text\">pa\u00eds vasco<\/span><\/a><\/p>\n","protected":false},"author":2,"featured_media":0,"comment_status":"open","ping_status":"open","sticky":false,"template":"","format":"standard","meta":{"footnotes":""},"categories":[1],"tags":[],"class_list":["post-376","post","type-post","status-publish","format-standard","hentry","category-sin-categoria","entry"],"_links":{"self":[{"href":"https:\/\/www.arques.org\/index.php\/wp-json\/wp\/v2\/posts\/376","targetHints":{"allow":["GET"]}}],"collection":[{"href":"https:\/\/www.arques.org\/index.php\/wp-json\/wp\/v2\/posts"}],"about":[{"href":"https:\/\/www.arques.org\/index.php\/wp-json\/wp\/v2\/types\/post"}],"author":[{"embeddable":true,"href":"https:\/\/www.arques.org\/index.php\/wp-json\/wp\/v2\/users\/2"}],"replies":[{"embeddable":true,"href":"https:\/\/www.arques.org\/index.php\/wp-json\/wp\/v2\/comments?post=376"}],"version-history":[{"count":4,"href":"https:\/\/www.arques.org\/index.php\/wp-json\/wp\/v2\/posts\/376\/revisions"}],"predecessor-version":[{"id":394,"href":"https:\/\/www.arques.org\/index.php\/wp-json\/wp\/v2\/posts\/376\/revisions\/394"}],"wp:attachment":[{"href":"https:\/\/www.arques.org\/index.php\/wp-json\/wp\/v2\/media?parent=376"}],"wp:term":[{"taxonomy":"category","embeddable":true,"href":"https:\/\/www.arques.org\/index.php\/wp-json\/wp\/v2\/categories?post=376"},{"taxonomy":"post_tag","embeddable":true,"href":"https:\/\/www.arques.org\/index.php\/wp-json\/wp\/v2\/tags?post=376"}],"curies":[{"name":"wp","href":"https:\/\/api.w.org\/{rel}","templated":true}]}}