{"id":350,"date":"2021-04-26T18:15:43","date_gmt":"2021-04-26T18:15:43","guid":{"rendered":"https:\/\/www.arques.org\/?p=350"},"modified":"2021-04-26T18:15:43","modified_gmt":"2021-04-26T18:15:43","slug":"navarra","status":"publish","type":"post","link":"https:\/\/www.arques.org\/index.php\/26\/navarra\/https:\/www.facebook.comLaRatoneraCatadoresDeQueso\/2021\/","title":{"rendered":"navarra"},"content":{"rendered":"\n<figure class=\"wp-block-image size-large is-resized\"><img loading=\"lazy\" decoding=\"async\" src=\"https:\/\/www.arques.org\/wp-content\/uploads\/2021\/04\/REBANO-OVEJA-CARANZANA.jpg\" alt=\"\" class=\"wp-image-351\" width=\"612\" height=\"407\"\/><figcaption>Reba\u00f1o de ovejas \u00abcarranzana\u00bb<\/figcaption><\/figure>\n\n\n\n<p><strong>Navarra<\/strong>&nbsp;\u200b es una&nbsp;comunidad foral\u200b&nbsp;espa\u00f1ola&nbsp;situada en el norte de la&nbsp;pen\u00ednsula ib\u00e9rica. Limita al nordeste con el departamento&nbsp;franc\u00e9s&nbsp;de&nbsp;Pirineos Atl\u00e1nticos, al noroeste con el&nbsp;Pa\u00eds Vasco&nbsp;(provincias de&nbsp;\u00c1lava&nbsp;y&nbsp;Guip\u00fazcoa), al este y sureste con&nbsp;Arag\u00f3n&nbsp;(provincias de&nbsp;Huesca&nbsp;y&nbsp;Zaragoza) y por el sur con&nbsp;La Rioja. El municipio de&nbsp;Petilla de Arag\u00f3n&nbsp;constituye un&nbsp;enclave&nbsp;rodeado totalmente por territorio zaragozano.<\/p>\n\n\n\n<p>Est\u00e1 compuesta por&nbsp;cinco merindades&nbsp;y&nbsp;272 municipios&nbsp;y cuenta con una poblaci\u00f3n de 654 214 habitantes (INE 2019), de la que aproximadamente un tercio vive en la capital,&nbsp;Pamplona&nbsp;(197&nbsp;138 habitantes), y m\u00e1s de la mitad en el&nbsp;\u00e1rea metropolitana de la misma&nbsp;(328&nbsp;511 habitantes).<\/p>\n\n\n\n<p>Navarra se encuentra situada en el norte de\u00a0Espa\u00f1a. Limita al norte con el departamento\u00a0franc\u00e9s\u00a0de\u00a0Pirineos Atl\u00e1nticos, en la regi\u00f3n de\u00a0Nueva Aquitania, al oeste con la comunidad aut\u00f3noma del\u00a0Pa\u00eds Vasco, al sur con\u00a0La Rioja\u00a0y al este con\u00a0Arag\u00f3n. La geograf\u00eda de Navarra es, a pesar de su reducido tama\u00f1o, muy variada. La mitad norte del territorio es monta\u00f1osa, dominado por la cordillera\u00a0pirenaica, en tanto que, en claro contraste, la mitad sur de Navarra (La Ribera) es territorio llano dominado por las llanuras aluviales\u00a0valle del Ebro.<\/p>\n\n\n\n<figure class=\"wp-block-image size-large is-resized\"><img loading=\"lazy\" decoding=\"async\" src=\"https:\/\/www.arques.org\/wp-content\/uploads\/2021\/04\/OVEJA-LATXA-NAVARRA.jpg\" alt=\"\" class=\"wp-image-352\" width=\"604\" height=\"409\"\/><figcaption>Oveja Latxa<\/figcaption><\/figure>\n\n\n\n<figure class=\"wp-block-image size-large is-resized\"><img loading=\"lazy\" decoding=\"async\" src=\"https:\/\/www.arques.org\/wp-content\/uploads\/2021\/04\/QUESO-RONCAL-3.jpg\" alt=\"\" class=\"wp-image-353\" width=\"603\" height=\"209\" srcset=\"https:\/\/www.arques.org\/wp-content\/uploads\/2021\/04\/QUESO-RONCAL-3.jpg 381w, https:\/\/www.arques.org\/wp-content\/uploads\/2021\/04\/QUESO-RONCAL-3-300x104.jpg 300w\" sizes=\"auto, (max-width: 603px) 100vw, 603px\" \/><figcaption>Queso de oveja Roncal D.O.P.<\/figcaption><\/figure>\n","protected":false},"excerpt":{"rendered":"<p>Navarra&nbsp;\u200b es una&nbsp;comunidad foral\u200b&nbsp;espa\u00f1ola&nbsp;situada en el norte de la&nbsp;pen\u00ednsula ib\u00e9rica. Limita al nordeste con el departamento&nbsp;franc\u00e9s&nbsp;de&nbsp;Pirineos Atl\u00e1nticos, al noroeste con el&nbsp;Pa\u00eds Vasco&nbsp;(provincias de&nbsp;\u00c1lava&nbsp;y&nbsp;Guip\u00fazcoa), al este y sureste con&nbsp;Arag\u00f3n&nbsp;(provincias de&nbsp;Huesca&nbsp;y&nbsp;Zaragoza) y por el sur con&nbsp;La Rioja. El municipio de&nbsp;Petilla de Arag\u00f3n&nbsp;constituye un&nbsp;enclave&nbsp;rodeado totalmente por territorio zaragozano. Est\u00e1 compuesta por&nbsp;cinco merindades&nbsp;y&nbsp;272 municipios&nbsp;y cuenta con una poblaci\u00f3n de&hellip; <a class=\"more-link\" href=\"https:\/\/www.arques.org\/index.php\/26\/navarra\/https:\/www.facebook.comLaRatoneraCatadoresDeQueso\/2021\/\">Seguir leyendo <span class=\"screen-reader-text\">navarra<\/span><\/a><\/p>\n","protected":false},"author":2,"featured_media":0,"comment_status":"open","ping_status":"open","sticky":false,"template":"","format":"standard","meta":{"footnotes":""},"categories":[1],"tags":[],"class_list":["post-350","post","type-post","status-publish","format-standard","hentry","category-sin-categoria","entry"],"_links":{"self":[{"href":"https:\/\/www.arques.org\/index.php\/wp-json\/wp\/v2\/posts\/350","targetHints":{"allow":["GET"]}}],"collection":[{"href":"https:\/\/www.arques.org\/index.php\/wp-json\/wp\/v2\/posts"}],"about":[{"href":"https:\/\/www.arques.org\/index.php\/wp-json\/wp\/v2\/types\/post"}],"author":[{"embeddable":true,"href":"https:\/\/www.arques.org\/index.php\/wp-json\/wp\/v2\/users\/2"}],"replies":[{"embeddable":true,"href":"https:\/\/www.arques.org\/index.php\/wp-json\/wp\/v2\/comments?post=350"}],"version-history":[{"count":1,"href":"https:\/\/www.arques.org\/index.php\/wp-json\/wp\/v2\/posts\/350\/revisions"}],"predecessor-version":[{"id":354,"href":"https:\/\/www.arques.org\/index.php\/wp-json\/wp\/v2\/posts\/350\/revisions\/354"}],"wp:attachment":[{"href":"https:\/\/www.arques.org\/index.php\/wp-json\/wp\/v2\/media?parent=350"}],"wp:term":[{"taxonomy":"category","embeddable":true,"href":"https:\/\/www.arques.org\/index.php\/wp-json\/wp\/v2\/categories?post=350"},{"taxonomy":"post_tag","embeddable":true,"href":"https:\/\/www.arques.org\/index.php\/wp-json\/wp\/v2\/tags?post=350"}],"curies":[{"name":"wp","href":"https:\/\/api.w.org\/{rel}","templated":true}]}}